{"id":615,"date":"2021-06-06T20:12:37","date_gmt":"2021-06-06T20:12:37","guid":{"rendered":"http:\/\/orientales.org.ar\/?p=615"},"modified":"2021-06-06T20:12:37","modified_gmt":"2021-06-06T20:12:37","slug":"partio-a-la-casa-del-padre-s-b-patriarca-gregorio-pedro-xx-lider-de-los-catolicos-en-armenia","status":"publish","type":"post","link":"http:\/\/orientales.org.ar\/?p=615","title":{"rendered":"Parti\u00f3 a la Casa del Padre, S.B Patriarca Gregorio Pedro XX l\u00edder de los cat\u00f3licos en Armenia"},"content":{"rendered":"","protected":false},"excerpt":{"rendered":"","protected":false},"author":2,"featured_media":616,"comment_status":"open","ping_status":"open","sticky":false,"template":"","format":"standard","meta":{"footnotes":""},"categories":[1],"tags":[],"class_list":{"0":"post-615","1":"post","2":"type-post","3":"status-publish","4":"format-standard","5":"has-post-thumbnail","6":"hentry","7":"category-sin-categoria","9":"post-with-thumbnail","10":"post-with-thumbnail-large"},"_links":{"self":[{"href":"http:\/\/orientales.org.ar\/index.php?rest_route=\/wp\/v2\/posts\/615","targetHints":{"allow":["GET"]}}],"collection":[{"href":"http:\/\/orientales.org.ar\/index.php?rest_route=\/wp\/v2\/posts"}],"about":[{"href":"http:\/\/orientales.org.ar\/index.php?rest_route=\/wp\/v2\/types\/post"}],"author":[{"embeddable":true,"href":"http:\/\/orientales.org.ar\/index.php?rest_route=\/wp\/v2\/users\/2"}],"replies":[{"embeddable":true,"href":"http:\/\/orientales.org.ar\/index.php?rest_route=%2Fwp%2Fv2%2Fcomments&post=615"}],"version-history":[{"count":1,"href":"http:\/\/orientales.org.ar\/index.php?rest_route=\/wp\/v2\/posts\/615\/revisions"}],"predecessor-version":[{"id":617,"href":"http:\/\/orientales.org.ar\/index.php?rest_route=\/wp\/v2\/posts\/615\/revisions\/617"}],"wp:featuredmedia":[{"embeddable":true,"href":"http:\/\/orientales.org.ar\/index.php?rest_route=\/wp\/v2\/media\/616"}],"wp:attachment":[{"href":"http:\/\/orientales.org.ar\/index.php?rest_route=%2Fwp%2Fv2%2Fmedia&parent=615"}],"wp:term":[{"taxonomy":"category","embeddable":true,"href":"http:\/\/orientales.org.ar\/index.php?rest_route=%2Fwp%2Fv2%2Fcategories&post=615"},{"taxonomy":"post_tag","embeddable":true,"href":"http:\/\/orientales.org.ar\/index.php?rest_route=%2Fwp%2Fv2%2Ftags&post=615"}],"curies":[{"name":"wp","href":"https:\/\/api.w.org\/{rel}","templated":true}]}}